{"id":18409,"date":"2025-10-18T07:04:26","date_gmt":"2025-10-18T03:34:26","guid":{"rendered":"https:\/\/iiccim.ir\/?p=18409"},"modified":"2025-10-29T10:37:57","modified_gmt":"2025-10-29T07:07:57","slug":"sciopero-alla-fenice-lorchestra-scende-in-campo","status":"publish","type":"post","link":"https:\/\/iiccim.ir\/it\/sciopero-alla-fenice-lorchestra-scende-in-campo\/","title":{"rendered":"Sciopero alla Fenice, l&#8217;orchestra scende in campo"},"content":{"rendered":"<div class=\"postie-post\">L&#8217;orchestra del Teatro La Fenice di Venezia \u00e8 &#8220;scesa in campo&#8221; questo pomeriggio, per protestare contro le logiche e i metodi della nomina di Beatrice Venezi a direttrice musicale dell&#8217;Ente.<\/p>\n<p>\u00c8 saltata cos\u00ec la prevista prima dell&#8217;opera Wozzeck, che doveva aprire la stagione lirica del teatro e che rappresenta cos\u00ec il primo smacco del nuovo soprintendente Nicola Colabianchi.    Circa un migliaio di persone si sono riunite in Campo Sant&#8217;Angelo, nel cuore della citt\u00e0, a pochi passi dal teatro, oggi vuoto, dando vita a un &#8216;flashmob&#8217; che ha mescolato parole e musica, le sedie a ventaglio per i maestri, e i primi violini a dare il tempo.<br \/>\nSi \u00e8 iniziato con l&#8217;esecuzione, da parte degli orchestrali, dell&#8217;Inno di Mameli, seguito da tre minuti di silenzio per onorare la memoria dei tre carabinieri morti nella strage di Castel D&#8217;Azzano (Verona). Quindi si sono susseguiti gli interventi dei rappresentanti sindacali inframmezzati dall&#8217;esecuzione di brani musicali. Alla fine coro e orchestra hanno intonato il Va&#8217; Pensiero dal Nabucco, in segno &#8220;di speranza&#8221;, \u00e8 stato detto.<br \/>\nNegli interventi dei rappresentanti sindacali \u00e8 stato ribadito che i dipendenti dell&#8217;Ente non sono ostili a Venezi, ma con il metodo che ha portato alla sua nomina da parte del soprintendente Colabianchi e dal presidente della Fondazione lirica, il sindaco Luigi Brugnaro, fatta senza consultazioni n\u00e9 coinvolgimento dei dipendenti.<br \/>\n&#8220;Il sindaco &#8211; \u00e8 stato sottolineato &#8211; ha detto che Beatrice Venezi avrebbe portato nuovi abbonamenti, avrebbe portato soldi. Questo \u00e8 ci\u00f2 che il sindaco Brugnaro intende come &#8216;offerta musicale&#8217;. ma la musica \u00e8 di tutti, e noi non vendiamo paccottiglia&#8221;.<br \/>\nAl termine anche l&#8217;intervento di Barbara di Valmarana, gi\u00e0 presidente dell&#8217;associazione Amici della Fenice: &#8220;Non abbiamo mai mai visto il sindaco a teatro, e neanche il nostro presidente Zaia&#8221;, ha chiosato.<br \/>\nContro lo sciopero si \u00e8 schierato il sottosegretario alla Cultura Gianmarco Mazzi: &#8220;Le agitazioni e i toni accesi allontanano il dialogo. La reazione, orchestrata dai lavoratori della Fenice contro il neodirettore musicale Beatrice Venezi, \u00e8 sproporzionata e pericolosa. Troppo forzata, aggressiva. Anche l&#8217;atteggiamento verso di noi \u00e8 irriconoscente. Siamo il ministero della cultura che, numeri alla mano, ha avuto pi\u00f9 cura e attenzione per il settore dell&#8217;Opera, da vent&#8217;anni a questa parte. Persino i sindacati lo hanno ammesso&#8221;.<\/p><\/div>\n","protected":false},"excerpt":{"rendered":"<p>L&#8217;orchestra del Teatro La Fenice di Venezia \u00e8 &#8220;scesa in campo&#8221; questo pomeriggio, per protestare contro le logiche e i metodi della nomina di Beatrice Venezi a direttrice musicale dell&#8217;Ente. \u00c8 saltata cos\u00ec la prevista prima dell&#8217;opera Wozzeck, che doveva aprire la stagione lirica del&#8230;<\/p>\n","protected":false},"author":473,"featured_media":18410,"comment_status":"closed","ping_status":"closed","sticky":false,"template":"","format":"standard","meta":{"inline_featured_image":false},"categories":[162],"tags":[],"yoast_head":"<!-- This site is optimized with the Yoast SEO plugin v18.2 - https:\/\/yoast.com\/wordpress\/plugins\/seo\/ -->\n<title>Sciopero alla Fenice, l&#039;orchestra scende in campo - \u0627\u062a\u0627\u0642 \u0645\u0634\u062a\u0631\u06a9 \u0627\u06cc\u0631\u0627\u0646 \u0648 \u0627\u06cc\u062a\u0627\u0644\u06cc\u0627<\/title>\n<meta name=\"robots\" content=\"index, follow, max-snippet:-1, max-image-preview:large, max-video-preview:-1\" \/>\n<link rel=\"canonical\" href=\"https:\/\/iiccim.ir\/it\/sciopero-alla-fenice-lorchestra-scende-in-campo\/\" \/>\n<meta property=\"og:locale\" content=\"it_IT\" \/>\n<meta property=\"og:type\" content=\"article\" \/>\n<meta property=\"og:title\" content=\"Sciopero alla Fenice, l&#039;orchestra scende in campo - \u0627\u062a\u0627\u0642 \u0645\u0634\u062a\u0631\u06a9 \u0627\u06cc\u0631\u0627\u0646 \u0648 \u0627\u06cc\u062a\u0627\u0644\u06cc\u0627\" \/>\n<meta property=\"og:description\" content=\"L&#8217;orchestra del Teatro La Fenice di Venezia \u00e8 &#8220;scesa in campo&#8221; questo pomeriggio, per protestare contro le logiche e i metodi della nomina di Beatrice Venezi a direttrice musicale dell&#8217;Ente. \u00c8 saltata cos\u00ec la prevista prima dell&#8217;opera Wozzeck, che doveva aprire la stagione lirica del...\" \/>\n<meta property=\"og:url\" content=\"https:\/\/iiccim.ir\/it\/sciopero-alla-fenice-lorchestra-scende-in-campo\/\" \/>\n<meta property=\"og:site_name\" content=\"\u0627\u062a\u0627\u0642 \u0645\u0634\u062a\u0631\u06a9 \u0627\u06cc\u0631\u0627\u0646 \u0648 \u0627\u06cc\u062a\u0627\u0644\u06cc\u0627\" \/>\n<meta property=\"article:published_time\" content=\"2025-10-18T03:34:26+00:00\" \/>\n<meta property=\"article:modified_time\" content=\"2025-10-29T07:07:57+00:00\" \/>\n<meta name=\"twitter:card\" content=\"summary_large_image\" \/>\n<meta name=\"twitter:image\" content=\"https:\/\/iiccim.ir\/wp-content\/uploads\/2025\/10\/1-3.webp\" \/>\n<meta name=\"twitter:label1\" content=\"Scritto da\" \/>\n\t<meta name=\"twitter:data1\" content=\"\u062a\u062d\u0631\u06cc\u0631\u06cc\u0647\" \/>\n\t<meta name=\"twitter:label2\" content=\"Tempo di lettura stimato\" \/>\n\t<meta name=\"twitter:data2\" content=\"2 minuti\" \/>\n<script type=\"application\/ld+json\" class=\"yoast-schema-graph\">{\"@context\":\"https:\/\/schema.org\",\"@graph\":[{\"@type\":\"Organization\",\"@id\":\"https:\/\/iiccim.ir\/#organization\",\"name\":\"\u0627\u062a\u0627\u0642 \u0645\u0634\u062a\u0631\u06a9 \u0627\u06cc\u0631\u0627\u0646 \u0648 \u0627\u06cc\u062a\u0627\u0644\u06cc\u0627 - IICCIM\",\"url\":\"https:\/\/iiccim.ir\/\",\"sameAs\":[],\"logo\":{\"@type\":\"ImageObject\",\"@id\":\"https:\/\/iiccim.ir\/#logo\",\"inLanguage\":\"it-IT\",\"url\":\"https:\/\/iiccim.ir\/wp-content\/uploads\/2022\/07\/\u0641\u0627\u0631\u0633\u06cc-\u0644\u0648\u06af\u0648.png\",\"contentUrl\":\"https:\/\/iiccim.ir\/wp-content\/uploads\/2022\/07\/\u0641\u0627\u0631\u0633\u06cc-\u0644\u0648\u06af\u0648.png\",\"width\":1417,\"height\":1417,\"caption\":\"\u0627\u062a\u0627\u0642 \u0645\u0634\u062a\u0631\u06a9 \u0627\u06cc\u0631\u0627\u0646 \u0648 \u0627\u06cc\u062a\u0627\u0644\u06cc\u0627 - IICCIM\"},\"image\":{\"@id\":\"https:\/\/iiccim.ir\/#logo\"}},{\"@type\":\"WebSite\",\"@id\":\"https:\/\/iiccim.ir\/#website\",\"url\":\"https:\/\/iiccim.ir\/\",\"name\":\"\u0627\u062a\u0627\u0642 \u0645\u0634\u062a\u0631\u06a9 \u0627\u06cc\u0631\u0627\u0646 \u0648 \u0627\u06cc\u062a\u0627\u0644\u06cc\u0627\",\"description\":\"\u0633\u0627\u06cc\u062a \u0631\u0633\u0645\u06cc \u0627\u062a\u0627\u0642 \u0645\u0634\u062a\u0631\u06a9 \u0627\u06cc\u0631\u0627\u0646 - \u0627\u06cc\u062a\u0627\u0644\u06cc\u0627\",\"publisher\":{\"@id\":\"https:\/\/iiccim.ir\/#organization\"},\"potentialAction\":[{\"@type\":\"SearchAction\",\"target\":{\"@type\":\"EntryPoint\",\"urlTemplate\":\"https:\/\/iiccim.ir\/?s={search_term_string}\"},\"query-input\":\"required name=search_term_string\"}],\"inLanguage\":\"it-IT\"},{\"@type\":\"ImageObject\",\"@id\":\"https:\/\/iiccim.ir\/it\/sciopero-alla-fenice-lorchestra-scende-in-campo\/#primaryimage\",\"inLanguage\":\"it-IT\",\"url\":\"https:\/\/iiccim.ir\/wp-content\/uploads\/2025\/10\/1-3.webp\",\"contentUrl\":\"https:\/\/iiccim.ir\/wp-content\/uploads\/2025\/10\/1-3.webp\",\"width\":774,\"height\":516},{\"@type\":\"WebPage\",\"@id\":\"https:\/\/iiccim.ir\/it\/sciopero-alla-fenice-lorchestra-scende-in-campo\/#webpage\",\"url\":\"https:\/\/iiccim.ir\/it\/sciopero-alla-fenice-lorchestra-scende-in-campo\/\",\"name\":\"Sciopero alla Fenice, l'orchestra scende in campo - \u0627\u062a\u0627\u0642 \u0645\u0634\u062a\u0631\u06a9 \u0627\u06cc\u0631\u0627\u0646 \u0648 \u0627\u06cc\u062a\u0627\u0644\u06cc\u0627\",\"isPartOf\":{\"@id\":\"https:\/\/iiccim.ir\/#website\"},\"primaryImageOfPage\":{\"@id\":\"https:\/\/iiccim.ir\/it\/sciopero-alla-fenice-lorchestra-scende-in-campo\/#primaryimage\"},\"datePublished\":\"2025-10-18T03:34:26+00:00\",\"dateModified\":\"2025-10-29T07:07:57+00:00\",\"breadcrumb\":{\"@id\":\"https:\/\/iiccim.ir\/it\/sciopero-alla-fenice-lorchestra-scende-in-campo\/#breadcrumb\"},\"inLanguage\":\"it-IT\",\"potentialAction\":[{\"@type\":\"ReadAction\",\"target\":[\"https:\/\/iiccim.ir\/it\/sciopero-alla-fenice-lorchestra-scende-in-campo\/\"]}]},{\"@type\":\"BreadcrumbList\",\"@id\":\"https:\/\/iiccim.ir\/it\/sciopero-alla-fenice-lorchestra-scende-in-campo\/#breadcrumb\",\"itemListElement\":[{\"@type\":\"ListItem\",\"position\":1,\"name\":\"\u062e\u0627\u0646\u0647\",\"item\":\"https:\/\/iiccim.ir\/it\/\"},{\"@type\":\"ListItem\",\"position\":2,\"name\":\"Sciopero alla Fenice, l&#8217;orchestra scende in campo\"}]},{\"@type\":\"Article\",\"@id\":\"https:\/\/iiccim.ir\/it\/sciopero-alla-fenice-lorchestra-scende-in-campo\/#article\",\"isPartOf\":{\"@id\":\"https:\/\/iiccim.ir\/it\/sciopero-alla-fenice-lorchestra-scende-in-campo\/#webpage\"},\"author\":{\"@id\":\"https:\/\/iiccim.ir\/#\/schema\/person\/67dfab351d2787c2413b9c681270c8c0\"},\"headline\":\"Sciopero alla Fenice, l&#8217;orchestra scende in campo\",\"datePublished\":\"2025-10-18T03:34:26+00:00\",\"dateModified\":\"2025-10-29T07:07:57+00:00\",\"mainEntityOfPage\":{\"@id\":\"https:\/\/iiccim.ir\/it\/sciopero-alla-fenice-lorchestra-scende-in-campo\/#webpage\"},\"wordCount\":366,\"publisher\":{\"@id\":\"https:\/\/iiccim.ir\/#organization\"},\"image\":{\"@id\":\"https:\/\/iiccim.ir\/it\/sciopero-alla-fenice-lorchestra-scende-in-campo\/#primaryimage\"},\"thumbnailUrl\":\"https:\/\/iiccim.ir\/wp-content\/uploads\/2025\/10\/1-3.webp\",\"articleSection\":[\"Italiano\"],\"inLanguage\":\"it-IT\"},{\"@type\":\"Person\",\"@id\":\"https:\/\/iiccim.ir\/#\/schema\/person\/67dfab351d2787c2413b9c681270c8c0\",\"name\":\"\u062a\u062d\u0631\u06cc\u0631\u06cc\u0647\",\"url\":\"https:\/\/iiccim.ir\/it\/author\/vasmaghi\/\"}]}<\/script>\n<!-- \/ Yoast SEO plugin. -->","yoast_head_json":{"title":"Sciopero alla Fenice, l'orchestra scende in campo - \u0627\u062a\u0627\u0642 \u0645\u0634\u062a\u0631\u06a9 \u0627\u06cc\u0631\u0627\u0646 \u0648 \u0627\u06cc\u062a\u0627\u0644\u06cc\u0627","robots":{"index":"index","follow":"follow","max-snippet":"max-snippet:-1","max-image-preview":"max-image-preview:large","max-video-preview":"max-video-preview:-1"},"canonical":"https:\/\/iiccim.ir\/it\/sciopero-alla-fenice-lorchestra-scende-in-campo\/","og_locale":"it_IT","og_type":"article","og_title":"Sciopero alla Fenice, l'orchestra scende in campo - \u0627\u062a\u0627\u0642 \u0645\u0634\u062a\u0631\u06a9 \u0627\u06cc\u0631\u0627\u0646 \u0648 \u0627\u06cc\u062a\u0627\u0644\u06cc\u0627","og_description":"L&#8217;orchestra del Teatro La Fenice di Venezia \u00e8 &#8220;scesa in campo&#8221; questo pomeriggio, per protestare contro le logiche e i metodi della nomina di Beatrice Venezi a direttrice musicale dell&#8217;Ente. \u00c8 saltata cos\u00ec la prevista prima dell&#8217;opera Wozzeck, che doveva aprire la stagione lirica del...","og_url":"https:\/\/iiccim.ir\/it\/sciopero-alla-fenice-lorchestra-scende-in-campo\/","og_site_name":"\u0627\u062a\u0627\u0642 \u0645\u0634\u062a\u0631\u06a9 \u0627\u06cc\u0631\u0627\u0646 \u0648 \u0627\u06cc\u062a\u0627\u0644\u06cc\u0627","article_published_time":"2025-10-18T03:34:26+00:00","article_modified_time":"2025-10-29T07:07:57+00:00","twitter_card":"summary_large_image","twitter_image":"https:\/\/iiccim.ir\/wp-content\/uploads\/2025\/10\/1-3.webp","twitter_misc":{"Scritto da":"\u062a\u062d\u0631\u06cc\u0631\u06cc\u0647","Tempo di lettura stimato":"2 minuti"},"schema":{"@context":"https:\/\/schema.org","@graph":[{"@type":"Organization","@id":"https:\/\/iiccim.ir\/#organization","name":"\u0627\u062a\u0627\u0642 \u0645\u0634\u062a\u0631\u06a9 \u0627\u06cc\u0631\u0627\u0646 \u0648 \u0627\u06cc\u062a\u0627\u0644\u06cc\u0627 - IICCIM","url":"https:\/\/iiccim.ir\/","sameAs":[],"logo":{"@type":"ImageObject","@id":"https:\/\/iiccim.ir\/#logo","inLanguage":"it-IT","url":"https:\/\/iiccim.ir\/wp-content\/uploads\/2022\/07\/\u0641\u0627\u0631\u0633\u06cc-\u0644\u0648\u06af\u0648.png","contentUrl":"https:\/\/iiccim.ir\/wp-content\/uploads\/2022\/07\/\u0641\u0627\u0631\u0633\u06cc-\u0644\u0648\u06af\u0648.png","width":1417,"height":1417,"caption":"\u0627\u062a\u0627\u0642 \u0645\u0634\u062a\u0631\u06a9 \u0627\u06cc\u0631\u0627\u0646 \u0648 \u0627\u06cc\u062a\u0627\u0644\u06cc\u0627 - IICCIM"},"image":{"@id":"https:\/\/iiccim.ir\/#logo"}},{"@type":"WebSite","@id":"https:\/\/iiccim.ir\/#website","url":"https:\/\/iiccim.ir\/","name":"\u0627\u062a\u0627\u0642 \u0645\u0634\u062a\u0631\u06a9 \u0627\u06cc\u0631\u0627\u0646 \u0648 \u0627\u06cc\u062a\u0627\u0644\u06cc\u0627","description":"\u0633\u0627\u06cc\u062a \u0631\u0633\u0645\u06cc \u0627\u062a\u0627\u0642 \u0645\u0634\u062a\u0631\u06a9 \u0627\u06cc\u0631\u0627\u0646 - \u0627\u06cc\u062a\u0627\u0644\u06cc\u0627","publisher":{"@id":"https:\/\/iiccim.ir\/#organization"},"potentialAction":[{"@type":"SearchAction","target":{"@type":"EntryPoint","urlTemplate":"https:\/\/iiccim.ir\/?s={search_term_string}"},"query-input":"required name=search_term_string"}],"inLanguage":"it-IT"},{"@type":"ImageObject","@id":"https:\/\/iiccim.ir\/it\/sciopero-alla-fenice-lorchestra-scende-in-campo\/#primaryimage","inLanguage":"it-IT","url":"https:\/\/iiccim.ir\/wp-content\/uploads\/2025\/10\/1-3.webp","contentUrl":"https:\/\/iiccim.ir\/wp-content\/uploads\/2025\/10\/1-3.webp","width":774,"height":516},{"@type":"WebPage","@id":"https:\/\/iiccim.ir\/it\/sciopero-alla-fenice-lorchestra-scende-in-campo\/#webpage","url":"https:\/\/iiccim.ir\/it\/sciopero-alla-fenice-lorchestra-scende-in-campo\/","name":"Sciopero alla Fenice, l'orchestra scende in campo - \u0627\u062a\u0627\u0642 \u0645\u0634\u062a\u0631\u06a9 \u0627\u06cc\u0631\u0627\u0646 \u0648 \u0627\u06cc\u062a\u0627\u0644\u06cc\u0627","isPartOf":{"@id":"https:\/\/iiccim.ir\/#website"},"primaryImageOfPage":{"@id":"https:\/\/iiccim.ir\/it\/sciopero-alla-fenice-lorchestra-scende-in-campo\/#primaryimage"},"datePublished":"2025-10-18T03:34:26+00:00","dateModified":"2025-10-29T07:07:57+00:00","breadcrumb":{"@id":"https:\/\/iiccim.ir\/it\/sciopero-alla-fenice-lorchestra-scende-in-campo\/#breadcrumb"},"inLanguage":"it-IT","potentialAction":[{"@type":"ReadAction","target":["https:\/\/iiccim.ir\/it\/sciopero-alla-fenice-lorchestra-scende-in-campo\/"]}]},{"@type":"BreadcrumbList","@id":"https:\/\/iiccim.ir\/it\/sciopero-alla-fenice-lorchestra-scende-in-campo\/#breadcrumb","itemListElement":[{"@type":"ListItem","position":1,"name":"\u062e\u0627\u0646\u0647","item":"https:\/\/iiccim.ir\/it\/"},{"@type":"ListItem","position":2,"name":"Sciopero alla Fenice, l&#8217;orchestra scende in campo"}]},{"@type":"Article","@id":"https:\/\/iiccim.ir\/it\/sciopero-alla-fenice-lorchestra-scende-in-campo\/#article","isPartOf":{"@id":"https:\/\/iiccim.ir\/it\/sciopero-alla-fenice-lorchestra-scende-in-campo\/#webpage"},"author":{"@id":"https:\/\/iiccim.ir\/#\/schema\/person\/67dfab351d2787c2413b9c681270c8c0"},"headline":"Sciopero alla Fenice, l&#8217;orchestra scende in campo","datePublished":"2025-10-18T03:34:26+00:00","dateModified":"2025-10-29T07:07:57+00:00","mainEntityOfPage":{"@id":"https:\/\/iiccim.ir\/it\/sciopero-alla-fenice-lorchestra-scende-in-campo\/#webpage"},"wordCount":366,"publisher":{"@id":"https:\/\/iiccim.ir\/#organization"},"image":{"@id":"https:\/\/iiccim.ir\/it\/sciopero-alla-fenice-lorchestra-scende-in-campo\/#primaryimage"},"thumbnailUrl":"https:\/\/iiccim.ir\/wp-content\/uploads\/2025\/10\/1-3.webp","articleSection":["Italiano"],"inLanguage":"it-IT"},{"@type":"Person","@id":"https:\/\/iiccim.ir\/#\/schema\/person\/67dfab351d2787c2413b9c681270c8c0","name":"\u062a\u062d\u0631\u06cc\u0631\u06cc\u0647","url":"https:\/\/iiccim.ir\/it\/author\/vasmaghi\/"}]}},"_links":{"self":[{"href":"https:\/\/iiccim.ir\/it\/wp-json\/wp\/v2\/posts\/18409"}],"collection":[{"href":"https:\/\/iiccim.ir\/it\/wp-json\/wp\/v2\/posts"}],"about":[{"href":"https:\/\/iiccim.ir\/it\/wp-json\/wp\/v2\/types\/post"}],"author":[{"embeddable":true,"href":"https:\/\/iiccim.ir\/it\/wp-json\/wp\/v2\/users\/473"}],"replies":[{"embeddable":true,"href":"https:\/\/iiccim.ir\/it\/wp-json\/wp\/v2\/comments?post=18409"}],"version-history":[{"count":1,"href":"https:\/\/iiccim.ir\/it\/wp-json\/wp\/v2\/posts\/18409\/revisions"}],"predecessor-version":[{"id":18423,"href":"https:\/\/iiccim.ir\/it\/wp-json\/wp\/v2\/posts\/18409\/revisions\/18423"}],"wp:featuredmedia":[{"embeddable":true,"href":"https:\/\/iiccim.ir\/it\/wp-json\/wp\/v2\/media\/18410"}],"wp:attachment":[{"href":"https:\/\/iiccim.ir\/it\/wp-json\/wp\/v2\/media?parent=18409"}],"wp:term":[{"taxonomy":"category","embeddable":true,"href":"https:\/\/iiccim.ir\/it\/wp-json\/wp\/v2\/categories?post=18409"},{"taxonomy":"post_tag","embeddable":true,"href":"https:\/\/iiccim.ir\/it\/wp-json\/wp\/v2\/tags?post=18409"}],"curies":[{"name":"wp","href":"https:\/\/api.w.org\/{rel}","templated":true}]}}